{"id":474,"date":"2026-09-04T16:14:11","date_gmt":"2026-09-04T16:14:11","guid":{"rendered":"http:\/\/im-gruenen-bereich.berlin\/?p=474"},"modified":"2026-09-04T16:14:11","modified_gmt":"2026-09-04T16:14:11","slug":"all-with-all","status":"publish","type":"post","link":"https:\/\/im-gruenen-bereich.berlin\/?p=474","title":{"rendered":"All With All"},"content":{"rendered":"\n<p class=\"has-text-align-center\">mit Arbeiten von:<\/p>\n\n\n\n<p class=\"has-text-align-center\">with works by:<\/p>\n\n\n\n<p class=\"has-text-align-center\"><strong>Ewelina Cie\u0107ko \/\u00a0Fanja Bouts \/ Ewald Janz<\/strong><\/p>\n\n\n\n<figure class=\"wp-block-image size-full is-resized\"><img loading=\"lazy\" decoding=\"async\" width=\"600\" height=\"849\" src=\"http:\/\/im-gruenen-bereich.berlin\/wp-content\/uploads\/2026\/09\/FINAL_poster_allwithall_small.jpg\" alt=\"\" class=\"wp-image-475\" style=\"width:628px;height:auto\" srcset=\"https:\/\/im-gruenen-bereich.berlin\/wp-content\/uploads\/2026\/09\/FINAL_poster_allwithall_small.jpg 600w, https:\/\/im-gruenen-bereich.berlin\/wp-content\/uploads\/2026\/09\/FINAL_poster_allwithall_small-212x300.jpg 212w\" sizes=\"(max-width: 709px) 85vw, (max-width: 909px) 67vw, (max-width: 984px) 61vw, (max-width: 1362px) 45vw, 600px\" \/><\/figure>\n\n\n\n<p>Im August 2026, Ewelina Cie\u0107ko, Fanja Bouts und Ewald Janz haben sich mit dem Thema \u201aAlles h\u00e4ngt mit Allem zusammen\u2018 auseinander im Rahmen des 3-w\u00f6chigen K\u00fcnstlerprogramms in der Akademie f\u00fcr Suffizienz in Reckenthin in Brandenburg. Ab Freitag, den 11. September, zeigen die drei K\u00fcnstler die dort entstandenen Arbeiten nun hier Im Gr\u00fcnen Bereich in Berlin.&nbsp;<\/p>\n\n\n\n<p>Ewelina Cie\u0107ko verwandelt Elektrokabel in eine Form, die lebenden Zellen \u00e4hnelt, und stellt die Frage, ob moderne Menschen sich ausreichend um ihr Gehirn k\u00fcmmern. Sie untersucht, wie wir mit globalen Systemen verbunden sind, die wir derweil nicht wahrnehmen.&nbsp;<\/p>\n\n\n\n<p>In der Arbeit von Fanja Bouts sitzen Figuren in einem Miniaturtheater fest und erz\u00e4hlen uns eine Geschichte von sich wandelnden Landschaften, von B\u00f6den in der D\u00fcrre und von Mikroorganismen. Sie fragen, ob Pflanzen als Kraftstoff ein Weg in die Zukunft sind.&nbsp;<\/p>\n\n\n\n<p>Ewald Janz zeichnet Kr\u00e4hen, W\u00f6lfe und Schafe, arbeitet mit Materialen aus der Umgebung von Reckenthin und setzt sich dabei mit Fragen nach Zivilisation und Isolation auseinander.<\/p>\n\n\n\n<p>Bezugnehmend auf die Gaia-Hypothese, die die Erde als systemische Gesamtheit betrachtet und die insbesondere von Bruno Latour in den Nachhaltigkeitsdiskurs getragen wurde, wollen wir zur Besch\u00e4ftigung mit Zusammenh\u00e4ngen\u00a0einladen.<\/p>\n\n\n\n<h2 class=\"wp-block-heading has-small-font-size\">English<\/h2>\n\n\n\n<p>In August 2026, Ewelina Cie\u0107ko, Fanja Bouts, and Ewald Janz explored the theme \u201cAll With All\u201d as part of their three-week artist residency program at the Academy for Sufficiency in Reckenthin in Brandenburg. Starting Friday, September 11, the three artists will be exhibiting the works they created there here at Im Gr\u00fcnen Bereich in Berlin.&nbsp;<\/p>\n\n\n\n<p>Ewelina Cie\u0107ko transforms electrical cables into a form that resembles living cells and asks whether modern people take proper care of their brains. She explores how we are connected to global systems that we are currently unaware of.<\/p>\n\n\n\n<p>In Fanja Bouts\u2019 work, figures are trapped in a miniature theater and tell us a story of changing landscapes, parched soil, and microorganisms. They ask whether plants as fuel are a path to the future.<\/p>\n\n\n\n<p>Ewald Janz draws crows, wolves, and sheep; he works with materials from the Reckenthin area and explores questions of civilization and isolation.Drawing on the Gaia hypothesis\u2014which views the Earth as a systemic whole and was brought into the sustainability discourse in particular by Bruno Latour\u2014we invite you to explore these interconnections.<\/p>\n","protected":false},"excerpt":{"rendered":"<p>mit Arbeiten von: with works by: Ewelina Cie\u0107ko \/\u00a0Fanja Bouts \/ Ewald Janz Im August 2026, Ewelina Cie\u0107ko, Fanja Bouts und Ewald Janz haben sich mit dem Thema \u201aAlles h\u00e4ngt mit Allem zusammen\u2018 auseinander im Rahmen des 3-w\u00f6chigen K\u00fcnstlerprogramms in der Akademie f\u00fcr Suffizienz in Reckenthin in Brandenburg. Ab Freitag, den 11. September, zeigen die &hellip; <a href=\"https:\/\/im-gruenen-bereich.berlin\/?p=474\" class=\"more-link\"><span class=\"screen-reader-text\">&#8222;All With All&#8220; <\/span>weiterlesen<\/a><\/p>\n","protected":false},"author":1,"featured_media":0,"comment_status":"closed","ping_status":"closed","sticky":false,"template":"","format":"standard","meta":{"footnotes":""},"categories":[1],"tags":[],"_links":{"self":[{"href":"https:\/\/im-gruenen-bereich.berlin\/index.php?rest_route=\/wp\/v2\/posts\/474"}],"collection":[{"href":"https:\/\/im-gruenen-bereich.berlin\/index.php?rest_route=\/wp\/v2\/posts"}],"about":[{"href":"https:\/\/im-gruenen-bereich.berlin\/index.php?rest_route=\/wp\/v2\/types\/post"}],"author":[{"embeddable":true,"href":"https:\/\/im-gruenen-bereich.berlin\/index.php?rest_route=\/wp\/v2\/users\/1"}],"replies":[{"embeddable":true,"href":"https:\/\/im-gruenen-bereich.berlin\/index.php?rest_route=%2Fwp%2Fv2%2Fcomments&post=474"}],"version-history":[{"count":4,"href":"https:\/\/im-gruenen-bereich.berlin\/index.php?rest_route=\/wp\/v2\/posts\/474\/revisions"}],"predecessor-version":[{"id":479,"href":"https:\/\/im-gruenen-bereich.berlin\/index.php?rest_route=\/wp\/v2\/posts\/474\/revisions\/479"}],"wp:attachment":[{"href":"https:\/\/im-gruenen-bereich.berlin\/index.php?rest_route=%2Fwp%2Fv2%2Fmedia&parent=474"}],"wp:term":[{"taxonomy":"category","embeddable":true,"href":"https:\/\/im-gruenen-bereich.berlin\/index.php?rest_route=%2Fwp%2Fv2%2Fcategories&post=474"},{"taxonomy":"post_tag","embeddable":true,"href":"https:\/\/im-gruenen-bereich.berlin\/index.php?rest_route=%2Fwp%2Fv2%2Ftags&post=474"}],"curies":[{"name":"wp","href":"https:\/\/api.w.org\/{rel}","templated":true}]}}