{"id":436,"date":"2026-01-31T11:49:37","date_gmt":"2026-01-31T11:49:37","guid":{"rendered":"http:\/\/im-gruenen-bereich.berlin\/?p=436"},"modified":"2026-01-31T11:49:37","modified_gmt":"2026-01-31T11:49:37","slug":"shame-on-me","status":"publish","type":"post","link":"https:\/\/im-gruenen-bereich.berlin\/?p=436","title":{"rendered":"shame on me"},"content":{"rendered":"\n<p>von | by Julie Matth\u00e9es<\/p>\n\n\n\n<p>Er\u00f6ffnung \/ Opening: Donnerstag | Thursday, 05.02.2026, 18 bis 22 Uhr | 6\u201310 p.m.<\/p>\n\n\n\n<p>Freitag \/ Friday, den 06.02.2026 bis | to Sonntag, den 08.02.2026, je 15 bis 19 Uhr | 3\u20137 p.m.<\/p>\n\n\n\n<p><em>Scham erkl\u00e4rt sich nicht.\u00a0<\/em> \/ <em>Sie ist einfach da.<\/em><\/p>\n\n\n\n<p><em>Ich habe versucht sie, sichtbar zu machen.\u00a0\/ Frei von ihr zu sein.\u00a0\/ Aber das ist das Problem.\u00a0\/ Sie bleibt.<\/em> \/ <em>Sie kontrolliert.\u00a0<\/em><\/p>\n\n\n\n<p><em>Wenn wir Scham abbauen wollen, m\u00fcssen wir sie aushalten.\u00a0\/ \u00dcber sie sprechen.<\/em><\/p>\n\n\n\n<p><em>Aber jetzt gerade bin ich ersch\u00f6pft.\u00a0\/ Von dem st\u00e4ndigen reflektieren meiner Scham.<\/em><\/p>\n\n\n\n<figure class=\"wp-block-image size-large\"><img loading=\"lazy\" decoding=\"async\" width=\"1024\" height=\"697\" src=\"http:\/\/im-gruenen-bereich.berlin\/wp-content\/uploads\/2026\/01\/R1-00900-0029-1024x697.jpeg\" alt=\"\" class=\"wp-image-438\" srcset=\"https:\/\/im-gruenen-bereich.berlin\/wp-content\/uploads\/2026\/01\/R1-00900-0029-1024x697.jpeg 1024w, https:\/\/im-gruenen-bereich.berlin\/wp-content\/uploads\/2026\/01\/R1-00900-0029-300x204.jpeg 300w, https:\/\/im-gruenen-bereich.berlin\/wp-content\/uploads\/2026\/01\/R1-00900-0029-768x523.jpeg 768w, https:\/\/im-gruenen-bereich.berlin\/wp-content\/uploads\/2026\/01\/R1-00900-0029-1200x817.jpeg 1200w, https:\/\/im-gruenen-bereich.berlin\/wp-content\/uploads\/2026\/01\/R1-00900-0029.jpeg 1280w\" sizes=\"(max-width: 709px) 85vw, (max-width: 909px) 67vw, (max-width: 1362px) 62vw, 840px\" \/><\/figure>\n\n\n\n<p><em>Shame on me<\/em>&nbsp;ist eine pers\u00f6nliche und k\u00fcnstlerische Auseinandersetzung mit einer Emotion, die alle sp\u00fcren, aber kaum dr\u00fcber reden. Sie bewegt sich zwischen Selbstportraits, Interviews und Bewegtbild. Sie fragt: Was ist Scham? Wie f\u00fchlt sie sich an? Wie l\u00e4sst sie sich darstellen? Welche Macht hat sie in unserer Gesellschaft \u2013 und ist es m\u00f6glich sie abzubauen?&nbsp;<\/p>\n\n\n\n<p>Der Kurzfilm Sonnenschein ist die Hauptarbeit der Ausstellung. Er ist der Versuch einen Umgang mit Scham zu finden und sie vielleicht sogar annehmen zu k\u00f6nnen. Gleichzeitig ist er ein R\u00fcckblick auf Momente, die von Scham gepr\u00e4gt waren.<\/p>\n\n\n\n<p>Im Film tauchen immer wieder analoge Selbstportraits auf, die w\u00e4hrend der letzten zwei Jahre meist spontan in meiner K\u00fcche entstanden sind. Sie zeigen eine Version von mir, die nur in diesem Augenblick existierte. Die Inszenierung war minimal, der Prozess kurz \u2013 oft nur weniger Sekunden. Und wenn ich den Film ins Labor gab wusste ich schon gar nicht mehr was mich erwarten w\u00fcrde. Au\u00dfer das hoffentlich mein Gesicht drauf sein w\u00fcrde.&nbsp;<\/p>\n\n\n\n<p>Die Ausstellung bewegt sich in einem Spannungsfeld zwischen dem Wunsch nach Offenheit und der Frage wie viel des Gezeigten wirklich schamlos und frei existiert \u2013 oder ob am Ende nicht doch jede Darstellung von Scham eine Form von Inszenierung ist. Denn Scham kann nie ganz ohne den Blick anderer existieren.<\/p>\n\n\n\n<p>Bio: Julie Matth\u00e9es wurde in Berlin geboren und studierte bis 2026 intermediale Fotografie bei Prof. Peggy Buth an der Kunsthochschule Kassel. Seit 2023 ist Julie Stipendiatin der Studienstiftung des deutschen Volkes. Von Oktober 2024 bis Januar 2025 war they Resident im Filmhaus Basel. Matth\u00e9es arbeitet vor allem in einem auto-soziobiografisch und thematisiert in deren Arbeiten gesellschaftspolitische Themen wie Feminismus, psychische Erkrankungen und Familienstrukturen.&nbsp;<\/p>\n\n\n\n<p><em>Shame on Me<\/em>&nbsp;is a personal and artistic exploration of an emotion that everyone feels but hardly ever talks about. It moves between self-portraits, interviews, and moving images. It asks: What is shame? How does it feel? How can it be represented? What power does it have in our society\u2014and can it be overcome?&nbsp;<\/p>\n\n\n\n<p>The short film&nbsp;<em>Sonnenschein<\/em>&nbsp;(Sunshine) is the main work in the exhibition. It is an attempt to find a way of dealing with shame and perhaps even accepting it. At the same time, it is a look back at moments that were marked by shame.<\/p>\n\n\n\n<p>The film repeatedly features analog self-portraits, most of which were taken spontaneously in my kitchen over the last two years. They show a version of me that existed only in that moment. The staging was minimal, the process short \u2014often lasting just a few seconds. And when I sent the film to the lab, I had no idea what to expect. Except that, hopefully, my face would be on it.&nbsp;<\/p>\n\n\n\n<p>The exhibition moves in a field of tension between the desire for openness and the question of how much of what is shown really exists shamelessly and freely\u2014or whether, in the end, every representation of shame is a form of staging. Because shame can never exist entirely without the gaze of others.<\/p>\n\n\n\n<p>Biography: Julie Matth\u00e9es was born in Berlin and studied intermedia photography with Prof. Peggy Buth at the Kunsthochschule Kassel until 2026. Since 2023, Julie has been a scholarship holder of the German National Academic Foundation. From October 2024 to January 2025, they were a resident at Filmhaus Basel. Matth\u00e9es works primarily in an auto-socio-biographical mode and addresses sociopolitical issues such as feminism, mental illness, and family structures in their work.<\/p>\n","protected":false},"excerpt":{"rendered":"<p>von | by Julie Matth\u00e9es Er\u00f6ffnung \/ Opening: Donnerstag | Thursday, 05.02.2026, 18 bis 22 Uhr | 6\u201310 p.m. Freitag \/ Friday, den 06.02.2026 bis | to Sonntag, den 08.02.2026, je 15 bis 19 Uhr | 3\u20137 p.m. Scham erkl\u00e4rt sich nicht.\u00a0 \/ Sie ist einfach da. Ich habe versucht sie, sichtbar zu machen.\u00a0\/ Frei &hellip; <a href=\"https:\/\/im-gruenen-bereich.berlin\/?p=436\" class=\"more-link\"><span class=\"screen-reader-text\">&#8222;shame on me&#8220; <\/span>weiterlesen<\/a><\/p>\n","protected":false},"author":1,"featured_media":0,"comment_status":"closed","ping_status":"closed","sticky":false,"template":"","format":"standard","meta":{"footnotes":""},"categories":[1],"tags":[],"_links":{"self":[{"href":"https:\/\/im-gruenen-bereich.berlin\/index.php?rest_route=\/wp\/v2\/posts\/436"}],"collection":[{"href":"https:\/\/im-gruenen-bereich.berlin\/index.php?rest_route=\/wp\/v2\/posts"}],"about":[{"href":"https:\/\/im-gruenen-bereich.berlin\/index.php?rest_route=\/wp\/v2\/types\/post"}],"author":[{"embeddable":true,"href":"https:\/\/im-gruenen-bereich.berlin\/index.php?rest_route=\/wp\/v2\/users\/1"}],"replies":[{"embeddable":true,"href":"https:\/\/im-gruenen-bereich.berlin\/index.php?rest_route=%2Fwp%2Fv2%2Fcomments&post=436"}],"version-history":[{"count":3,"href":"https:\/\/im-gruenen-bereich.berlin\/index.php?rest_route=\/wp\/v2\/posts\/436\/revisions"}],"predecessor-version":[{"id":440,"href":"https:\/\/im-gruenen-bereich.berlin\/index.php?rest_route=\/wp\/v2\/posts\/436\/revisions\/440"}],"wp:attachment":[{"href":"https:\/\/im-gruenen-bereich.berlin\/index.php?rest_route=%2Fwp%2Fv2%2Fmedia&parent=436"}],"wp:term":[{"taxonomy":"category","embeddable":true,"href":"https:\/\/im-gruenen-bereich.berlin\/index.php?rest_route=%2Fwp%2Fv2%2Fcategories&post=436"},{"taxonomy":"post_tag","embeddable":true,"href":"https:\/\/im-gruenen-bereich.berlin\/index.php?rest_route=%2Fwp%2Fv2%2Ftags&post=436"}],"curies":[{"name":"wp","href":"https:\/\/api.w.org\/{rel}","templated":true}]}}