{"id":381,"date":"2024-08-26T19:40:28","date_gmt":"2024-08-26T19:40:28","guid":{"rendered":"http:\/\/im-gruenen-bereich.berlin\/?p=381"},"modified":"2024-08-26T19:41:05","modified_gmt":"2024-08-26T19:41:05","slug":"ruhen","status":"publish","type":"post","link":"https:\/\/im-gruenen-bereich.berlin\/?p=381","title":{"rendered":"ruhe(n)"},"content":{"rendered":"\n<p>eine Inszenierung von Fr\u00e9d\u00e9ric Krauke<\/p>\n\n\n\n<figure class=\"wp-block-image size-large\"><img loading=\"lazy\" decoding=\"async\" width=\"724\" height=\"1024\" src=\"http:\/\/im-gruenen-bereich.berlin\/wp-content\/uploads\/2024\/08\/ruhen_Text_Ankuendigung_korrigiert.1-724x1024.jpeg\" alt=\"\" class=\"wp-image-383\" srcset=\"https:\/\/im-gruenen-bereich.berlin\/wp-content\/uploads\/2024\/08\/ruhen_Text_Ankuendigung_korrigiert.1-724x1024.jpeg 724w, https:\/\/im-gruenen-bereich.berlin\/wp-content\/uploads\/2024\/08\/ruhen_Text_Ankuendigung_korrigiert.1-212x300.jpeg 212w, https:\/\/im-gruenen-bereich.berlin\/wp-content\/uploads\/2024\/08\/ruhen_Text_Ankuendigung_korrigiert.1-768x1087.jpeg 768w, https:\/\/im-gruenen-bereich.berlin\/wp-content\/uploads\/2024\/08\/ruhen_Text_Ankuendigung_korrigiert.1-1085x1536.jpeg 1085w, https:\/\/im-gruenen-bereich.berlin\/wp-content\/uploads\/2024\/08\/ruhen_Text_Ankuendigung_korrigiert.1.jpeg 1190w\" sizes=\"(max-width: 709px) 85vw, (max-width: 909px) 67vw, (max-width: 984px) 61vw, (max-width: 1362px) 45vw, 600px\" \/><\/figure>\n\n\n\n<p>\u201eStell dir vor, es ist Krieg und keiner geht hin!\u201c *<\/p>\n\n\n\n<p>Es wird erz\u00e4hlt die Geschichte eines Soldaten, eines Heimkehrers und \u201eZur\u00fcckkehrers\u201c. Er ruht auf einem Feldbett und wird zur Waffe gerufen, doch er r\u00fchrt sich nicht. Der Ruf, eine zur\u00fcckhaltenden Klang-Collage aus Meeresrauschen und Wind, einem H\u00fchnerstall, Glockenleuten, Drohnen-Ger\u00e4uschen und Sirenen, getragen von einem sich Mantra \u00e4hnlich wiederholenden Textes, mischt sich mit den Ger\u00e4uschen der zuf\u00e4llig vorbeigehenden Passanten\/Passantinnen, die Dank der zwei ge\u00f6ffneten Fenster des ebenerdig zur Stra\u00dfenkreuzung liegenden Eckraumes, dem Geschehen, oder besser gesagt, dem Ausbleiben des Geschehens beiwohnen k\u00f6nnen. Der Raum erweist sich als eine surrealistische Inszenierung einer Utopie aus Artefakten des Vergangenem und Sehnsuchtsort der Zukunft zwischen Krieg und Frieden.<\/p>\n\n\n\n<p>Den Passanten\/Passantinnen wird die M\u00f6glichkeit geben, Kommentare als Resonanz des zuf\u00e4llig Erfahrenen auf zwei Schreibmaschinen festzuhalten.<\/p>\n\n\n\n<p>Der vierst\u00fcndigen meditativen Inszenierung mit Abschlusshandlung folgt die Einladung in die R\u00e4umlichkeiten der Inszenierung zu treten und an einem Publikumsgespr\u00e4ch teilzunehmen.<\/p>\n\n\n\n<p><strong>ruhe(n) <\/strong>ist eine Inszenierung von Fr\u00e9d\u00e9ric Krauke am Tag des Friedens oder Antikriegstag am 1. September 2024, IM GRUENEN BEREICH \/ IGB, Weserstra\u00dfe 180, 12045 Berlin Neuk\u00f6lln, mit einer Klang-Collage in Zusammenarbeit mit Jonas Fehrenberg.<\/p>\n\n\n\n<p>Gezeigt wird die Abbildung \u201eDie Badekur der Proleten\u201c aus dem Buch KRIEG DEM KRIEGE von Ernst Friedrich, Seite 271, neu herausgegeben vom Anti-Kriegs-Museum Berlin, Ch. Links Verlag, Berlin 2015. Mit besten Dank f\u00fcr die Autorisierung der Nutzung.<br><a href=\"https:\/\/anti-kriegs-museum.de\" target=\"_blank\" rel=\"noreferrer noopener\">https:\/\/anti-kriegs-museum.de<\/a><\/p>\n\n\n\n<p><\/p>\n\n\n\n<ul>\n<li>* Unter meinem Artikel\u00a0\u201eOma Courage\u201c\u00a0schrieb Kurt Engel folgenden Kommentar:<br>\u201eNochmal Brecht, auch hier wurde nur der den Linken passende Satz protegiert. \u201cStell Dir vor, es ist Krieg und keiner geht hin &#8211; dann kommt der Krieg zu Euch! Wer zu Hause bleibt, wenn der Kampf beginnt, und l\u00e4\u00dft andere k\u00e4mpfen f\u00fcr seine Sache, der mu\u00df sich vorsehen: Denn wer den Kampf nicht geteilt hat, der wird teilen die Niederlage. Nicht einmal Kampf vermeidet, wer den Kampf vermeiden will, denn er wird k\u00e4mpfen f\u00fcr die Sache des Feindes, wer f\u00fcr seine eigene Sache nicht gek\u00e4mpft hat.\u201d Bertolt Brecht (1898-1956)\u201c<br>Die ersten S\u00e4tze dieses Textes stammen nicht von Bertolt Brecht. Der Satz\u00a0\u201eStell Dir vor, es ist Krieg und keiner geht hin\u201c\u00a0stammt urspr\u00fcnglich von Carl August Sandburg**.<\/li>\n\n\n\n<li><br>Aus einem Artikel von Gerd Buurmann \/ 13.03.2024<br><a href=\"https:\/\/www.achgut.com\/artikel\/stell_dir_vor_es_ist_krieg_und_keiner_geht_h\" target=\"_blank\" rel=\"noreferrer noopener\">https:\/\/www.achgut.com\/artikel\/stell_dir_vor_es_ist_krieg_und_keiner_geht_h<\/a><a href=\"http:\/\/www.quotecounterquote.com\/2011\/12\/suppose-they-gave-war-and-nobody-came.html\" data-type=\"link\" data-id=\"http:\/\/www.quotecounterquote.com\/2011\/12\/suppose-they-gave-war-and-nobody-came.html\">in<\/a><\/li>\n\n\n\n<li><br>** <a href=\"http:\/\/www.quotecounterquote.com\/2011\/12\/suppose-they-gave-war-and-nobody-came.html\" target=\"_blank\" rel=\"noreferrer noopener\">http:\/\/www.quotecounterquote.com\/2011\/12\/suppose-they-gave-war-and-nobody-came.html<\/a><\/li>\n<\/ul>\n\n\n\n<p><\/p>\n\n\n\n<p><strong>E<\/strong><\/p>\n\n\n\n<p>\u201cImagine it is war time and nobody goes!\u201d *<\/p>\n\n\n\n<p>It is the story of a soldier, a home-comer, and a \u201creturner.\u201d He rests on a camp bed and is called to take up arms, but he does not stir. The call, a reserved sound collage of sounds of the sea and wind, a chicken coop, the ringing of bells, the noises of drones and sirens, interwoven by a text repeated in a mantralike manner, is mixed with the sounds of people incidentally passing by, who thanks to the two open windows of the ground floor corner room are able to witness the events taking place in the room, or to be more precise, the absence of goings-on. The room turns out to be a surrealistic staging of a utopia consisting of artifacts of the past and a place of longing for a future between war and peace.<\/p>\n\n\n\n<p>Passersby will have an opportunity to record commentaries as a response to what they experience by chance on two typewriters.<\/p>\n\n\n\n<p>The four-hour, meditative staging will be followed by the audience being invited to enter the space where the staging took place and participate in a public discussion.<\/p>\n\n\n\n<p><strong>ruhe (n) (rest)<\/strong> is a staging by Fr\u00e9d\u00e9ric Krauke on World Peace Day, or Anti War Day, on September 1, 2024, at IM GRUENEN BEREICH \/ IGB, Weserstrasse 180, 12045 Berlin Neuk\u00f6lln, with a sound collage in cooperation with Jonas Fehrenberg.<\/p>\n\n\n\n<p>Shown is the illustration \u201cDie Badekur der Proleten\u201d from the book KRIEG DEM KRIEGE by Ernst Friedrich, page 271, newly published by Anti-Kriegs-Museum Berlin, Ch. Links Verlag, Berlin 2015. With best thanks for the authorization of use.<br><a href=\"https:\/\/anti-kriegs-museum.de\" target=\"_blank\" rel=\"noreferrer noopener\">https:\/\/anti-kriegs-museum.de<\/a><\/p>\n\n\n\n<p>* Under my article \u201cOma Courage\u201d (Grandmother Courage), Kurt Engel wrote the following commentary:<\/p>\n\n\n\n<p>\u201cOnce again Brecht, where, also here, only the sentence relevant to leftwing thinkers was emphasized. \u2018Sometimes they\u2019ll give a war and nobody will come\u2014then the war will come to you! Those who remain at home when the fighting begins and let others fight for their concerns, must be careful: Since those who did not take part in the war will take part in the defeat. Those who want to avoid the fighting never ever avoid the fighting, since those who do not fight for their own concerns will fight for what matters to the enemy.\u2019 Bertolt Brecht (1898\u20131956)\u201d<\/p>\n\n\n\n<p>The first sentence of this quote does not come from Bertolt Brecht. The sentence \u201cSometimes they\u2019ll give a war and nobody will come\u201d originally comes from Carl August Sandburg**.<\/p>\n\n\n\n<p>From an article by Gerd Buurmann \/ March 13, 2024<br><a href=\"https:\/\/www.achgut.com\/artikel\/stell_dir_vor_es_ist_krieg_und_keiner_geht_hin\" target=\"_blank\" rel=\"noreferrer noopener\">https:\/\/www.achgut.com\/artikel\/stell_dir_vor_es_ist_krieg_und_keiner_geht_hin<\/a><\/p>\n\n\n\n<p>**<a href=\"http:\/\/www.quotecounterquote.com\/2011\/12\/suppose-they-gave-war-and-nobody-came.html\" target=\"_blank\" rel=\"noreferrer noopener\">http:\/\/www.quotecounterquote.com\/2011\/12\/suppose-they-gave-war-and-nobody-came.html<\/a><\/p>\n\n\n\n<p><\/p>\n","protected":false},"excerpt":{"rendered":"<p>eine Inszenierung von Fr\u00e9d\u00e9ric Krauke \u201eStell dir vor, es ist Krieg und keiner geht hin!\u201c * Es wird erz\u00e4hlt die Geschichte eines Soldaten, eines Heimkehrers und \u201eZur\u00fcckkehrers\u201c. Er ruht auf einem Feldbett und wird zur Waffe gerufen, doch er r\u00fchrt sich nicht. Der Ruf, eine zur\u00fcckhaltenden Klang-Collage aus Meeresrauschen und Wind, einem H\u00fchnerstall, Glockenleuten, Drohnen-Ger\u00e4uschen &hellip; <a href=\"https:\/\/im-gruenen-bereich.berlin\/?p=381\" class=\"more-link\"><span class=\"screen-reader-text\">&#8222;ruhe(n)&#8220; <\/span>weiterlesen<\/a><\/p>\n","protected":false},"author":1,"featured_media":0,"comment_status":"closed","ping_status":"closed","sticky":false,"template":"","format":"standard","meta":{"footnotes":""},"categories":[1],"tags":[],"_links":{"self":[{"href":"https:\/\/im-gruenen-bereich.berlin\/index.php?rest_route=\/wp\/v2\/posts\/381"}],"collection":[{"href":"https:\/\/im-gruenen-bereich.berlin\/index.php?rest_route=\/wp\/v2\/posts"}],"about":[{"href":"https:\/\/im-gruenen-bereich.berlin\/index.php?rest_route=\/wp\/v2\/types\/post"}],"author":[{"embeddable":true,"href":"https:\/\/im-gruenen-bereich.berlin\/index.php?rest_route=\/wp\/v2\/users\/1"}],"replies":[{"embeddable":true,"href":"https:\/\/im-gruenen-bereich.berlin\/index.php?rest_route=%2Fwp%2Fv2%2Fcomments&post=381"}],"version-history":[{"count":2,"href":"https:\/\/im-gruenen-bereich.berlin\/index.php?rest_route=\/wp\/v2\/posts\/381\/revisions"}],"predecessor-version":[{"id":385,"href":"https:\/\/im-gruenen-bereich.berlin\/index.php?rest_route=\/wp\/v2\/posts\/381\/revisions\/385"}],"wp:attachment":[{"href":"https:\/\/im-gruenen-bereich.berlin\/index.php?rest_route=%2Fwp%2Fv2%2Fmedia&parent=381"}],"wp:term":[{"taxonomy":"category","embeddable":true,"href":"https:\/\/im-gruenen-bereich.berlin\/index.php?rest_route=%2Fwp%2Fv2%2Fcategories&post=381"},{"taxonomy":"post_tag","embeddable":true,"href":"https:\/\/im-gruenen-bereich.berlin\/index.php?rest_route=%2Fwp%2Fv2%2Ftags&post=381"}],"curies":[{"name":"wp","href":"https:\/\/api.w.org\/{rel}","templated":true}]}}