{"id":375,"date":"2024-06-25T10:57:57","date_gmt":"2024-06-25T10:57:57","guid":{"rendered":"http:\/\/im-gruenen-bereich.berlin\/?p=375"},"modified":"2024-06-25T13:44:13","modified_gmt":"2024-06-25T13:44:13","slug":"changing-perspective-quantum-cosmos","status":"publish","type":"post","link":"https:\/\/im-gruenen-bereich.berlin\/?p=375","title":{"rendered":"CHANGING PERSPECTIVE      Quantum Cosmos"},"content":{"rendered":"\n<p>with \/ mit <\/p>\n\n\n\n<p class=\"has-medium-font-size\"><strong>ellebannA<\/strong><\/p>\n\n\n\n<figure class=\"wp-block-image size-large\"><img loading=\"lazy\" decoding=\"async\" width=\"1024\" height=\"683\" src=\"http:\/\/im-gruenen-bereich.berlin\/wp-content\/uploads\/2024\/06\/Bucht.-photo-by-@franziska_brodhun-1024x683.jpeg\" alt=\"\" class=\"wp-image-376\" srcset=\"https:\/\/im-gruenen-bereich.berlin\/wp-content\/uploads\/2024\/06\/Bucht.-photo-by-@franziska_brodhun-1024x683.jpeg 1024w, https:\/\/im-gruenen-bereich.berlin\/wp-content\/uploads\/2024\/06\/Bucht.-photo-by-@franziska_brodhun-300x200.jpeg 300w, https:\/\/im-gruenen-bereich.berlin\/wp-content\/uploads\/2024\/06\/Bucht.-photo-by-@franziska_brodhun-768x512.jpeg 768w, https:\/\/im-gruenen-bereich.berlin\/wp-content\/uploads\/2024\/06\/Bucht.-photo-by-@franziska_brodhun-1200x801.jpeg 1200w, https:\/\/im-gruenen-bereich.berlin\/wp-content\/uploads\/2024\/06\/Bucht.-photo-by-@franziska_brodhun.jpeg 1280w\" sizes=\"(max-width: 709px) 85vw, (max-width: 909px) 67vw, (max-width: 1362px) 62vw, 840px\" \/><\/figure>\n\n\n\n<p><\/p>\n\n\n\n<p><strong>Er\u00f6ffnung \/ Opening<\/strong><\/p>\n\n\n\n<p>Freitag \/ Friday, 28.06.2024 \/&nbsp;19 \u2013 24 Uhr \/&nbsp;7 pm \u2013 midnight&nbsp;\/&nbsp;Performance 22 Uhr \/ 10 pm<\/p>\n\n\n\n<p>*<\/p>\n\n\n\n<p><strong>\u00d6ffnungszeiten \/ Opening hours:<\/strong><\/p>\n\n\n\n<p>Samstag \/ Saturday, 29.06.2024 \/ 15 \u2013 24 Uhr \/ 3 pm \u2013 midnight \/\u00a0<\/p>\n\n\n\n<p>Konzert \/ concert WYNTONIKOS 19 Uhr \/ 7 pm,\u00a0 Performance 22 Uhr \/ 11 pm<\/p>\n\n\n\n<p>Sonntag \/\u00a0Sunday, 30.06.2024 \/ 15 \u2013 19 Uhr \/\u00a03 \u2013\u00a07 pm \/ Performance 18 Uhr \/ 6 pm<\/p>\n\n\n\n<p><\/p>\n\n\n\n<p>D\u00a0<\/p>\n\n\n\n<p> &#8222;QUANTUM ist genau das, was wir nicht sehen, es ist das Geheimnis, das zwischen dir und mir liegt.\u00a0 Es ist das zusammenh\u00e4ngende Teilchen, das diesen Raum f\u00fcllt und uns zu einer Einheit verbindet.<\/p>\n\n\n\n<p>&nbsp; &nbsp; ellebannA, eine vision\u00e4re Plattform f\u00fcr darstellende K\u00fcnste, entf\u00fchrt uns mit ihrer bahnbrechenden Arbeit in die fesselnde Welt des Quantenreichs, in der Kunst, Wissenschaft und Spiritualit\u00e4t aufeinanderprallen.<\/p>\n\n\n\n<p>&nbsp; &nbsp; Tauchen Sie ein in eine Welt, in der Fantasie auf Raffinesse trifft, mit einer Verschmelzung von bezaubernden Kost\u00fcmen, intuitivem Tanz, experimenteller Musik, Avantgarde-Kunst und tiefgreifenden Momenten der Pr\u00e4senz, die Happenings hervorbringen, die \u00fcber Unterhaltung hinausgehen.<\/p>\n\n\n\n<p>&nbsp; &nbsp; Treffen Sie Annabelle Widmann, die Vision\u00e4rin hinter ellebannA<\/p>\n\n\n\n<p>&nbsp; &nbsp; Annabelle Widmann, eine preisgekr\u00f6nte K\u00fcnstlerin aus Ibiza, gr\u00fcndete die Performing Art Company ellebannA und gewann den Cirque du Soleil Artisan Award f\u00fcr ihr Design, QUANTUM. Ihre k\u00fcnstlerische Alchemie verbindet visuelle Kunst, Surrealismus, Musik, Humor und Stille und l\u00e4dt die Teilnehmer zum Entdecken, Interagieren und Verbinden ein.<\/p>\n\n\n\n<p>&nbsp; &nbsp; Annabelle, die auf der TEDx-B\u00fchne und auf unz\u00e4hligen Festivals auf der ganzen Welt aufgetreten ist, hat es sich zur Aufgabe gemacht, die Freiheit des Selbstausdrucks zu f\u00f6rdern und andere in eine Welt einzuladen, in der Kreativit\u00e4t keine Grenzen kennt. Ihr einzigartiges k\u00fcnstlerisches Schaffen hinterl\u00e4sst bei allen, die das Gl\u00fcck haben, es zu erleben, einen bleibenden Eindruck.<\/p>\n\n\n\n<p>E<\/p>\n\n\n\n<blockquote class=\"wp-block-quote\">\n<p>\u201c<em>QUANTUM is exactly that what we don&#8217;t see, It is that mystery that lies between you and me.&nbsp; It is that interconnected particle that fills this space, Binding us in unity\u201d<\/em><\/p>\n<\/blockquote>\n\n\n\n<blockquote class=\"wp-block-quote\">\n<p><\/p>\n<\/blockquote>\n\n\n\n<blockquote class=\"wp-block-quote\">\n<p>ellebannA,&nbsp; a visionary performing arts platform whose groundbreaking work propels us into the captivating world of the quantum realm where art, science, and spirituality collide.<\/p>\n<\/blockquote>\n\n\n\n<blockquote class=\"wp-block-quote\">\n<p><\/p>\n<\/blockquote>\n\n\n\n<blockquote class=\"wp-block-quote\">\n<p>Immerse yourself in a world where fantasy meets refinement, featuring a fusion of spellbound costumes, intuitive dance, experimental music, avant-garde art and profound moments of presence producing happenings that go beyond entertainment.<\/p>\n<\/blockquote>\n\n\n\n<blockquote class=\"wp-block-quote\">\n<p><\/p>\n<\/blockquote>\n\n\n\n<blockquote class=\"wp-block-quote\">\n<p>Meet Annabelle Widmann a visionary behind ellebannA<\/p>\n<\/blockquote>\n\n\n\n<blockquote class=\"wp-block-quote\">\n<p>Annabelle, an award-winning artist from Ibiza, founded the performing art company ellebannA and won the Cirque du Soleil artisan award for her design, QUANTUM. Her artistic alchemy blends visual art, surrealism, music, humour and stillness, inviting participants to explore, interact, and connect.<\/p>\n<\/blockquote>\n\n\n\n<blockquote class=\"wp-block-quote\">\n<p><\/p>\n<\/blockquote>\n\n\n\n<blockquote class=\"wp-block-quote\">\n<p>Having appeared on the TEDx stage and at countless festivals around the world, Annabelle&#8217;s mission is to inspire freedom of self-expression, inviting others into a world where creativity knows no bounds. Her unique artistry leaves an imprint on those fortunate enough to experience it.<\/p>\n<\/blockquote>\n","protected":false},"excerpt":{"rendered":"<p>with \/ mit ellebannA Er\u00f6ffnung \/ Opening Freitag \/ Friday, 28.06.2024 \/&nbsp;19 \u2013 24 Uhr \/&nbsp;7 pm \u2013 midnight&nbsp;\/&nbsp;Performance 22 Uhr \/ 10 pm * \u00d6ffnungszeiten \/ Opening hours: Samstag \/ Saturday, 29.06.2024 \/ 15 \u2013 24 Uhr \/ 3 pm \u2013 midnight \/\u00a0 Konzert \/ concert WYNTONIKOS 19 Uhr \/ 7 pm,\u00a0 Performance 22 &hellip; <a href=\"https:\/\/im-gruenen-bereich.berlin\/?p=375\" class=\"more-link\"><span class=\"screen-reader-text\">&#8222;CHANGING PERSPECTIVE      Quantum Cosmos&#8220; <\/span>weiterlesen<\/a><\/p>\n","protected":false},"author":1,"featured_media":0,"comment_status":"closed","ping_status":"closed","sticky":false,"template":"","format":"standard","meta":{"footnotes":""},"categories":[1],"tags":[],"_links":{"self":[{"href":"https:\/\/im-gruenen-bereich.berlin\/index.php?rest_route=\/wp\/v2\/posts\/375"}],"collection":[{"href":"https:\/\/im-gruenen-bereich.berlin\/index.php?rest_route=\/wp\/v2\/posts"}],"about":[{"href":"https:\/\/im-gruenen-bereich.berlin\/index.php?rest_route=\/wp\/v2\/types\/post"}],"author":[{"embeddable":true,"href":"https:\/\/im-gruenen-bereich.berlin\/index.php?rest_route=\/wp\/v2\/users\/1"}],"replies":[{"embeddable":true,"href":"https:\/\/im-gruenen-bereich.berlin\/index.php?rest_route=%2Fwp%2Fv2%2Fcomments&post=375"}],"version-history":[{"count":2,"href":"https:\/\/im-gruenen-bereich.berlin\/index.php?rest_route=\/wp\/v2\/posts\/375\/revisions"}],"predecessor-version":[{"id":379,"href":"https:\/\/im-gruenen-bereich.berlin\/index.php?rest_route=\/wp\/v2\/posts\/375\/revisions\/379"}],"wp:attachment":[{"href":"https:\/\/im-gruenen-bereich.berlin\/index.php?rest_route=%2Fwp%2Fv2%2Fmedia&parent=375"}],"wp:term":[{"taxonomy":"category","embeddable":true,"href":"https:\/\/im-gruenen-bereich.berlin\/index.php?rest_route=%2Fwp%2Fv2%2Fcategories&post=375"},{"taxonomy":"post_tag","embeddable":true,"href":"https:\/\/im-gruenen-bereich.berlin\/index.php?rest_route=%2Fwp%2Fv2%2Ftags&post=375"}],"curies":[{"name":"wp","href":"https:\/\/api.w.org\/{rel}","templated":true}]}}