{"id":361,"date":"2024-05-27T16:06:47","date_gmt":"2024-05-27T16:06:47","guid":{"rendered":"http:\/\/im-gruenen-bereich.berlin\/?p=361"},"modified":"2024-05-28T09:04:06","modified_gmt":"2024-05-28T09:04:06","slug":"menschen","status":"publish","type":"post","link":"https:\/\/im-gruenen-bereich.berlin\/?p=361","title":{"rendered":"MENSCHEN"},"content":{"rendered":"\n<p>von \/ by<\/p>\n\n\n\n<p>J\u00fcrgen Todt<\/p>\n\n\n\n<figure class=\"wp-block-image size-large\"><img loading=\"lazy\" decoding=\"async\" width=\"783\" height=\"1024\" src=\"http:\/\/im-gruenen-bereich.berlin\/wp-content\/uploads\/2024\/05\/Plakat-Ausstellung-Einbettung-final-783x1024.jpeg\" alt=\"\" class=\"wp-image-362\" srcset=\"https:\/\/im-gruenen-bereich.berlin\/wp-content\/uploads\/2024\/05\/Plakat-Ausstellung-Einbettung-final-783x1024.jpeg 783w, https:\/\/im-gruenen-bereich.berlin\/wp-content\/uploads\/2024\/05\/Plakat-Ausstellung-Einbettung-final-229x300.jpeg 229w, https:\/\/im-gruenen-bereich.berlin\/wp-content\/uploads\/2024\/05\/Plakat-Ausstellung-Einbettung-final-768x1004.jpeg 768w, https:\/\/im-gruenen-bereich.berlin\/wp-content\/uploads\/2024\/05\/Plakat-Ausstellung-Einbettung-final.jpeg 979w\" sizes=\"(max-width: 709px) 85vw, (max-width: 909px) 67vw, (max-width: 984px) 61vw, (max-width: 1362px) 45vw, 600px\" \/><\/figure>\n\n\n\n<p><\/p>\n\n\n\n<p><strong>Vernissage: <\/strong>Freitag \/ Friday, 07.06.2024 \/ 18-22 Uhr<\/p>\n\n\n\n<p><strong>\u00d6ffnungszeiten \/ Opening hours:<\/strong><br>Samstag \/ Saturday, 08.06.2024 \/ 13\u201319 Uhr<br>Sonntag \/&nbsp;Sunday, 09.06.2024 \/ 13\u201319 Uhr<\/p>\n\n\n\n<p><\/p>\n\n\n\n<p><\/p>\n\n\n\n<p>Die Kamera begleitet J\u00fcrgen Todt jeden Tag. Seine langj\u00e4hrige Arbeit als Tonmann beim Fernsehen erm\u00f6glicht ihm besondere Zug\u00e4nge zu den Menschen zu finden. Er kommt ihnen nah, ohne dass dies bemerkt wird. Der Tonmann wird ausgeblendet. Er ist sichtbar unsichtbar. Er h\u00f6rt und sieht. Sein Beruf schenkt ihm einen besonderen Reichtum an Begegnungen mit den unterschiedlichsten Menschen, die er mit der Kamera, teilweise \u00fcber Jahre fest h\u00e4lt.<br>Das t\u00e4gliche Fotografieren ist Teil von ihm geworden, auf Streifz\u00fcgen durch die Stadt oder bei Begegnungen mit Freund*innen.<br><br>In seiner Fotografie blickt er mit gro\u00dfer Z\u00e4rtlichkeit, fassungslosem Erstaunen, unverhohlener Neugier und bei\u00dfendem Humor auf seine Zeitgenoss*innen.<br>Als Betrachter*in erkenne ich mich in der tragischen Komik, in entglittenen Gesichtsz\u00fcgen und unkontrollierten Gef\u00fchlsausbr\u00fcchen wieder. Da ist etwas ungehemmt, ungebremst und ungefiltert und das ist irre lustvoll. Vermeintlich Indiskretes, intimes oder privates steht mit souver\u00e4ner Gelassenheit da und fordert seinen Platz. Alles ist nebeneinander. Alles geh\u00f6rt dazu.<br>Einfach purer Mensch, genau wie ich. Nackter Raver, spielende Kinder, ein schmerzverzerrtes Gesicht, in den Mund gestopfte Torte, das Auflachen eines Politikers, ein verrutschtes Gebiss, R\u00fcckenverspannungen. Die Bilder kommen sehr nah ohne blo\u00dfzustellen.<br>Es ist als w\u00fcrden alle Portr\u00e4tierten miteinander kommunizieren, sich gegenseitig sehen, gleichberechtigt und wundersch\u00f6n.<br><br>Text: Judith Adam<\/p>\n\n\n\n<p>The camera accompanies J\u00fcrgen Todt every day. His many years of work as a sound man for television productions has enabled him to develop new approaches to people. He comes close up to them without their noticing. The sound man is blanked out. He is visibly invisible. He listens and watches. His profession offers him an exceptional wealth of encounters with a wide range of individuals, whom he captures in photos, some of them over many years.\u00a0Taking photographs every day has become part of him, whether on strolls through the city or in encounters with friends.<br><br>In his photographs, he looks at his contemporaries with great tenderness, stunned amazement, unconcealed curiosity, and biting humor.\u00a0As a viewer, I recognize myself in the tragic comedy, in the slack facial features and uncontrolled emotional outbursts. There is something uninhibited, unrestrained, and unfiltered in the photos\u2014and it is weirdly sensuous. The ostensibly indiscreet, intimate, or private stands there with confident equanimity and demands space for itself. Everything exists in parallel. Everything is part of it.<br>Simply pure people, just like me. Naked ravers, playing children, a face contorted with pain, cake being stuffed into someone\u2019s mouth, a politician\u2019s burst of laughter, slipped dentures, back pains. The pictures get up close without exposing.\u00a0It is as if all the people portrayed communicate with each other, see each other, on an equal footing and wonderful.<\/p>\n\n\n\n<p>text: Judith Adam, translation: Amy Klement<\/p>\n","protected":false},"excerpt":{"rendered":"<p>von \/ by J\u00fcrgen Todt Vernissage: Freitag \/ Friday, 07.06.2024 \/ 18-22 Uhr \u00d6ffnungszeiten \/ Opening hours:Samstag \/ Saturday, 08.06.2024 \/ 13\u201319 UhrSonntag \/&nbsp;Sunday, 09.06.2024 \/ 13\u201319 Uhr Die Kamera begleitet J\u00fcrgen Todt jeden Tag. Seine langj\u00e4hrige Arbeit als Tonmann beim Fernsehen erm\u00f6glicht ihm besondere Zug\u00e4nge zu den Menschen zu finden. Er kommt ihnen nah, &hellip; <a href=\"https:\/\/im-gruenen-bereich.berlin\/?p=361\" class=\"more-link\"><span class=\"screen-reader-text\">&#8222;MENSCHEN&#8220; <\/span>weiterlesen<\/a><\/p>\n","protected":false},"author":1,"featured_media":0,"comment_status":"closed","ping_status":"closed","sticky":false,"template":"","format":"standard","meta":{"footnotes":""},"categories":[1],"tags":[],"_links":{"self":[{"href":"https:\/\/im-gruenen-bereich.berlin\/index.php?rest_route=\/wp\/v2\/posts\/361"}],"collection":[{"href":"https:\/\/im-gruenen-bereich.berlin\/index.php?rest_route=\/wp\/v2\/posts"}],"about":[{"href":"https:\/\/im-gruenen-bereich.berlin\/index.php?rest_route=\/wp\/v2\/types\/post"}],"author":[{"embeddable":true,"href":"https:\/\/im-gruenen-bereich.berlin\/index.php?rest_route=\/wp\/v2\/users\/1"}],"replies":[{"embeddable":true,"href":"https:\/\/im-gruenen-bereich.berlin\/index.php?rest_route=%2Fwp%2Fv2%2Fcomments&post=361"}],"version-history":[{"count":5,"href":"https:\/\/im-gruenen-bereich.berlin\/index.php?rest_route=\/wp\/v2\/posts\/361\/revisions"}],"predecessor-version":[{"id":367,"href":"https:\/\/im-gruenen-bereich.berlin\/index.php?rest_route=\/wp\/v2\/posts\/361\/revisions\/367"}],"wp:attachment":[{"href":"https:\/\/im-gruenen-bereich.berlin\/index.php?rest_route=%2Fwp%2Fv2%2Fmedia&parent=361"}],"wp:term":[{"taxonomy":"category","embeddable":true,"href":"https:\/\/im-gruenen-bereich.berlin\/index.php?rest_route=%2Fwp%2Fv2%2Fcategories&post=361"},{"taxonomy":"post_tag","embeddable":true,"href":"https:\/\/im-gruenen-bereich.berlin\/index.php?rest_route=%2Fwp%2Fv2%2Ftags&post=361"}],"curies":[{"name":"wp","href":"https:\/\/api.w.org\/{rel}","templated":true}]}}