{"id":355,"date":"2024-05-14T14:57:47","date_gmt":"2024-05-14T14:57:47","guid":{"rendered":"http:\/\/im-gruenen-bereich.berlin\/?p=355"},"modified":"2024-05-14T14:59:05","modified_gmt":"2024-05-14T14:59:05","slug":"never-has-the-bright-of","status":"publish","type":"post","link":"https:\/\/im-gruenen-bereich.berlin\/?p=355","title":{"rendered":"NEVER HAS THE BRIGHT OF            THE SKY BEEN SO SHADOWY\u00a0"},"content":{"rendered":"\n<p>Painting exhibition | Jo\u00e3o Massano<br>Im Gr\u00fcnen Bereich<br>Weserstra\u00dfe 180\u00a0_ May 2024<\/p>\n\n\n\n<p><\/p>\n\n\n\n<figure class=\"wp-block-image size-large\"><img loading=\"lazy\" decoding=\"async\" width=\"743\" height=\"1024\" src=\"http:\/\/im-gruenen-bereich.berlin\/wp-content\/uploads\/2024\/05\/expo_cartaz_22_B-743x1024.jpeg\" alt=\"\" class=\"wp-image-356\" srcset=\"https:\/\/im-gruenen-bereich.berlin\/wp-content\/uploads\/2024\/05\/expo_cartaz_22_B-743x1024.jpeg 743w, https:\/\/im-gruenen-bereich.berlin\/wp-content\/uploads\/2024\/05\/expo_cartaz_22_B-218x300.jpeg 218w, https:\/\/im-gruenen-bereich.berlin\/wp-content\/uploads\/2024\/05\/expo_cartaz_22_B-768x1058.jpeg 768w, https:\/\/im-gruenen-bereich.berlin\/wp-content\/uploads\/2024\/05\/expo_cartaz_22_B.jpeg 929w\" sizes=\"(max-width: 709px) 85vw, (max-width: 909px) 67vw, (max-width: 984px) 61vw, (max-width: 1362px) 45vw, 600px\" \/><\/figure>\n\n\n\n<p><\/p>\n\n\n\n<p><\/p>\n\n\n\n<p><strong>Vernissage:&nbsp;<\/strong>Donnerstag \/&nbsp;Thursday, 23.05.2024 \/ 17\u201322 Uhr<\/p>\n\n\n\n<p><strong>\u00d6ffnungszeiten \/ Opening hours:<\/strong><\/p>\n\n\n\n<p>&nbsp;Freitag \/ Friday, 24.05.2024 \/ 16\u201320 Uhr<br>Samstag \/ Saturday, 25.05.2024 \/ 14\u201319 Uhr<br>Sonntag \/&nbsp;Sunday, 26.05.2024 \/ 14\u201319 Uhr<\/p>\n\n\n\n<p>*<\/p>\n\n\n\n<p><em>Never has the bright of the sky been so shadowy.<\/em><\/p>\n\n\n\n<p><em>Bare trunks blending into oxidized steel and sharpening toward the sky or bending in upon themselves.<\/em><\/p>\n\n\n\n<p><em>Gross energy is accumulated in the static state of these bodies.<\/em><\/p>\n\n\n\n<p><em>Torn noises ring out in the silent fog, the breaking of one arm, the sprouting of another.<\/em><\/p>\n\n\n\n<p><em>Each movement with a slow and fearless potency.<\/em><\/p>\n\n\n\n<p><em>Mute echoes and mumbling screams, the rumble of this violent dialogue with the sky.<\/em><\/p>\n\n\n\n<p><br>J.Massano 2024<\/p>\n\n\n\n<p>BIOGRAPHY<\/p>\n\n\n\n<p>Jo\u00e3o Massano is a Portuguese artist based in Lisbon.<\/p>\n\n\n\n<p>He studied at the Ant\u00f3nio Arroio Art School, where he specialized in Graphic Design.<\/p>\n\n\n\n<p>In 2019, he graduated with a degree in Painting from the&nbsp;Faculty of Fine Arts of the University of Lisbon,<\/p>\n\n\n\n<p>where he had the chance to explored many mediums and forms of expression such as<\/p>\n\n\n\n<p>painting, installation, video art, and photography.<\/p>\n\n\n\n<p>In 2017, he was the winner of a one-year scholarship at the MArts School, Lisbon,<\/p>\n\n\n\n<p>where he had his first contact with the practice of printmaking.<\/p>\n\n\n\n<p>Between 2019 and 2022, he developed his artistic work in a collective studio in Lisbon,<\/p>\n\n\n\n<p>and during this period took part in several collective and individual exhibitions,<\/p>\n\n\n\n<p>while also organizing and participating in a few residences with the association POUSIO AIR.<\/p>\n\n\n\n<p>He is currently living in Florence, where he is studying engraving<\/p>\n\n\n\n<p>and printmaking at the IL Bisonte Foundation.<\/p>\n\n\n\n<figure class=\"wp-block-image\"><img decoding=\"async\" src=\"https:\/\/ci3.googleusercontent.com\/meips\/ADKq_NaWCp8g9YR7mnHtKUcqoO9pvn_v6EgmmrIH3CvEWRccw2cGqwJBpQprQcOZvN1OWv4W3HvLfS-MoV8w5YukFArkOanYLedW0SdfqKoDHX9E2v0=s0-d-e1-ft#https:\/\/ssl.gstatic.com\/ui\/v1\/icons\/mail\/images\/cleardot.gif\" alt=\"\"\/><\/figure>\n","protected":false},"excerpt":{"rendered":"<p>Painting exhibition | Jo\u00e3o MassanoIm Gr\u00fcnen BereichWeserstra\u00dfe 180\u00a0_ May 2024 Vernissage:&nbsp;Donnerstag \/&nbsp;Thursday, 23.05.2024 \/ 17\u201322 Uhr \u00d6ffnungszeiten \/ Opening hours: &nbsp;Freitag \/ Friday, 24.05.2024 \/ 16\u201320 UhrSamstag \/ Saturday, 25.05.2024 \/ 14\u201319 UhrSonntag \/&nbsp;Sunday, 26.05.2024 \/ 14\u201319 Uhr * Never has the bright of the sky been so shadowy. Bare trunks blending into oxidized steel &hellip; <a href=\"https:\/\/im-gruenen-bereich.berlin\/?p=355\" class=\"more-link\"><span class=\"screen-reader-text\">&#8222;NEVER HAS THE BRIGHT OF            THE SKY BEEN SO SHADOWY\u00a0&#8220; <\/span>weiterlesen<\/a><\/p>\n","protected":false},"author":1,"featured_media":0,"comment_status":"closed","ping_status":"closed","sticky":false,"template":"","format":"standard","meta":{"footnotes":""},"categories":[1],"tags":[],"_links":{"self":[{"href":"https:\/\/im-gruenen-bereich.berlin\/index.php?rest_route=\/wp\/v2\/posts\/355"}],"collection":[{"href":"https:\/\/im-gruenen-bereich.berlin\/index.php?rest_route=\/wp\/v2\/posts"}],"about":[{"href":"https:\/\/im-gruenen-bereich.berlin\/index.php?rest_route=\/wp\/v2\/types\/post"}],"author":[{"embeddable":true,"href":"https:\/\/im-gruenen-bereich.berlin\/index.php?rest_route=\/wp\/v2\/users\/1"}],"replies":[{"embeddable":true,"href":"https:\/\/im-gruenen-bereich.berlin\/index.php?rest_route=%2Fwp%2Fv2%2Fcomments&post=355"}],"version-history":[{"count":3,"href":"https:\/\/im-gruenen-bereich.berlin\/index.php?rest_route=\/wp\/v2\/posts\/355\/revisions"}],"predecessor-version":[{"id":359,"href":"https:\/\/im-gruenen-bereich.berlin\/index.php?rest_route=\/wp\/v2\/posts\/355\/revisions\/359"}],"wp:attachment":[{"href":"https:\/\/im-gruenen-bereich.berlin\/index.php?rest_route=%2Fwp%2Fv2%2Fmedia&parent=355"}],"wp:term":[{"taxonomy":"category","embeddable":true,"href":"https:\/\/im-gruenen-bereich.berlin\/index.php?rest_route=%2Fwp%2Fv2%2Fcategories&post=355"},{"taxonomy":"post_tag","embeddable":true,"href":"https:\/\/im-gruenen-bereich.berlin\/index.php?rest_route=%2Fwp%2Fv2%2Ftags&post=355"}],"curies":[{"name":"wp","href":"https:\/\/api.w.org\/{rel}","templated":true}]}}