{"id":129,"date":"2020-08-10T20:14:39","date_gmt":"2020-08-10T20:14:39","guid":{"rendered":"http:\/\/im-gruenen-bereich.berlin\/?p=129"},"modified":"2020-08-12T07:55:59","modified_gmt":"2020-08-12T07:55:59","slug":"trivial-things","status":"publish","type":"post","link":"https:\/\/im-gruenen-bereich.berlin\/?p=129","title":{"rendered":"&#8222;Trivial things&#8220;"},"content":{"rendered":"\n<p class=\"has-medium-font-size\"><strong>Agnes Wojtas \u2013 Lucas Souza \u2013 Ingrid Bittar<\/strong><\/p>\n\n\n\n<p><strong>Vernissage*| Opening:<\/strong> Donnerstag | Thursday, 20.8. 19\u201322 Uhr | 7\u201310 p.m.<\/p>\n\n\n\n<p><strong>\u00d6ffnungszeiten* | Opening Hours:<\/strong> 21.8.\u20132.9., jeweils Freitags &amp; Samstags 17\u201320 Uhr | Fridays and Saturdays 5\u20138 p.m. und | and Sonntags 16-19 Uhr | Sundays 4\u20137 p.m.<\/p>\n\n\n\n<p><strong>Finissage* | Closing<\/strong>: Mittwoch | Wednesday, 2.9. 19\u201321 Uhr | 7\u20139 p.m.<\/p>\n\n\n\n<p>IM GR\u00dcNEN BEREICH \u2013 art space \u2013 Weserstra\u00dfe 180 \u2013 12045 Berlin<\/p>\n\n\n\n<figure class=\"wp-block-image size-large\"><img loading=\"lazy\" decoding=\"async\" width=\"1024\" height=\"646\" src=\"http:\/\/im-gruenen-bereich.berlin\/wp-content\/uploads\/2020\/08\/Foto-Effort-LucasSouza-1024x646.jpg\" alt=\"\" class=\"wp-image-130\" srcset=\"https:\/\/im-gruenen-bereich.berlin\/wp-content\/uploads\/2020\/08\/Foto-Effort-LucasSouza-1024x646.jpg 1024w, https:\/\/im-gruenen-bereich.berlin\/wp-content\/uploads\/2020\/08\/Foto-Effort-LucasSouza-300x189.jpg 300w, https:\/\/im-gruenen-bereich.berlin\/wp-content\/uploads\/2020\/08\/Foto-Effort-LucasSouza-768x484.jpg 768w, https:\/\/im-gruenen-bereich.berlin\/wp-content\/uploads\/2020\/08\/Foto-Effort-LucasSouza-1536x969.jpg 1536w, https:\/\/im-gruenen-bereich.berlin\/wp-content\/uploads\/2020\/08\/Foto-Effort-LucasSouza-2048x1292.jpg 2048w, https:\/\/im-gruenen-bereich.berlin\/wp-content\/uploads\/2020\/08\/Foto-Effort-LucasSouza-1200x757.jpg 1200w\" sizes=\"(max-width: 709px) 85vw, (max-width: 909px) 67vw, (max-width: 1362px) 62vw, 840px\" \/><\/figure>\n\n\n\n<p>Die Ausstellung zeigt Arbeiten, die im Rahmen des K\u00fcnstlerprogramms in der <em>Akademie f\u00fcr Suffizienz<\/em> in Reckenthin entstanden sind. Diesmal wurde ein internationales Team eingeladen, f\u00fcr vier Wochen in der Prignitz zum diesj\u00e4hrigen Thema \u201aAnstrengung\u2018 zu arbeiten. Viele der Arbeiten, die uns versorgen, werden heute von Maschinen verrichtet, die meist viel Energie verbrauchen \u2013 mit negativen Folgen f\u00fcr die Umwelt. Was ist f\u00fcr uns heute anstrengend, wie gehen wir mit Anstrengungen um?<\/p>\n\n\n\n<p>Lucas Souza gestaltet skulpturale Installationen mit Textilien und strebt eine Wiederherstellung der in unserem \u00dcberkonsum verloren gegangenen Verbindung mit ihnen an. Triviale Dinge des Alltags werden von Agnes Wojtas in Kombination mit gefundenem Holz aus der Umgebung zu Objekten arrangiert. Ingrid Bittar sammelt aus der lokalen Flora und dem Boden Material, mit dem sie experimentiert, um es in der Darstellung ihrer Eindr\u00fccke von der Region zu verarbeiten.<\/p>\n\n\n\n<p><strong>Akademie f\u00fcr Suffizienz \u2013 nutzen, was da ist<\/strong><br>Die <em>Akademie f\u00fcr Suffizienz<\/em> im l\u00e4ndlichen Brandenburg bietet Anregung und Raum, um Wirtschaft zu reflektieren und zu gestalten. Sie ist daf\u00fcr eingerichtet, Alternativen in Produktion, Verteilung und Versorgung zu erleben. Dabei st\u00fctzt sie sich auf regionalen Austausch und auf Suffizienz als Leitbild materieller Bewirtschaftung. Die Infrastruktur und die Ausstattung spiegeln diese Prinzipien, machen sie im Alltag erfahrbar.<\/p>\n\n\n\n<p><strong>********<\/strong><\/p>\n\n\n\n<p>The exhibition presents works that were created within the framework of the artists\u2019 program at the <em>Akademie f\u00fcr Suffizienz<\/em> in Reckenthin.<\/p>\n\n\n\n<p>This time, an international group was invited to work for four weeks on this year\u2019s topic: \u201cEffort.\u201d Much of the work that takes care of us today is done by machines, which generally need a lot of energy\u2014with negative consequences for the environment. What requires effort of us today and how do we deal with making an effort?<\/p>\n\n\n\n<p>Lucas Souza designs sculptural installations with textiles and strives to reproduce the connection with them that we have lost as a result of our overconsumption. Agnes Wojtas arranges trivial things from day-to-day life in combination with found wood from the surroundings to create objects. Ingrid Bittar collects material from the local flora and the ground and experiments with it so as to process it in depicting her impressions of the region.<\/p>\n\n\n\n<p><strong>The Akademie f\u00fcr Suffizienz\u2014Use What There Is<\/strong><br>The <em>Akademie f\u00fcr Suffizienz<\/em> in rural Brandenburg offers inspiration and space to reflect and create. It is set up to experience alternatives in production, distribution, and supply. In doing so, it depends on regional exchange and sufficiency as guiding principle for managing materials. The infrastructure and the equipment at the Akademie reflect these principles and make it possible to experience them in day-to-day life.<\/p>\n\n\n\n<p><\/p>\n\n\n\n<p>Weitere Information unter | Additional information at:<\/p>\n\n\n\n<p><a rel=\"noreferrer noopener\" href=\"http:\/\/www.akademie-suffizienz.de\/\" target=\"_blank\">www.akademie-suffizienz.de<\/a><\/p>\n\n\n\n<p>Kontakt: <a href=\"mailto:corinna.vosse@posteo.de\" target=\"_blank\" rel=\"noreferrer noopener\">corinna.vosse@posteo.de<\/a><\/p>\n\n\n\n<p><\/p>\n\n\n\n<p>Agnes Wojtas, website <a rel=\"noreferrer noopener\" href=\"http:\/\/agneswojtas.jimdofree.com\" target=\"_blank\">agneswojtas.jimdofree.com<\/a> <\/p>\n\n\n\n<p> Kontakt: <a rel=\"noreferrer noopener\" href=\"mailto:agnes.wojtas@gmx.de\" target=\"_blank\">agnes.wojtas@gmx.de<\/a><\/p>\n\n\n\n<p>Lucas Souza, contact: <a href=\"mailto:lucas.selezio@gmail.com\" target=\"_blank\" rel=\"noreferrer noopener\">lucas.selezio@gmail.com<\/a><\/p>\n\n\n\n<p>Ingrid Bittar, website <a rel=\"noreferrer noopener\" href=\"http:\/\/www.ibbritta.com\" target=\"_blank\">www.ibbritta.com<\/a><\/p>\n\n\n\n<p> Kontakt <a rel=\"noreferrer noopener\" href=\"mailto:ib@ibbritta.com\" target=\"_blank\">ib@ibbritta.com<\/a><\/p>\n","protected":false},"excerpt":{"rendered":"<p>Agnes Wojtas \u2013 Lucas Souza \u2013 Ingrid Bittar Vernissage*| Opening: Donnerstag | Thursday, 20.8. 19\u201322 Uhr | 7\u201310 p.m. \u00d6ffnungszeiten* | Opening Hours: 21.8.\u20132.9., jeweils Freitags &amp; Samstags 17\u201320 Uhr | Fridays and Saturdays 5\u20138 p.m. und | and Sonntags 16-19 Uhr | Sundays 4\u20137 p.m. Finissage* | Closing: Mittwoch | Wednesday, 2.9. 19\u201321 Uhr &hellip; <a href=\"https:\/\/im-gruenen-bereich.berlin\/?p=129\" class=\"more-link\"><span class=\"screen-reader-text\">&#8222;&#8222;Trivial things&#8220;&#8220; <\/span>weiterlesen<\/a><\/p>\n","protected":false},"author":1,"featured_media":0,"comment_status":"closed","ping_status":"closed","sticky":false,"template":"","format":"standard","meta":{"footnotes":""},"categories":[1],"tags":[],"_links":{"self":[{"href":"https:\/\/im-gruenen-bereich.berlin\/index.php?rest_route=\/wp\/v2\/posts\/129"}],"collection":[{"href":"https:\/\/im-gruenen-bereich.berlin\/index.php?rest_route=\/wp\/v2\/posts"}],"about":[{"href":"https:\/\/im-gruenen-bereich.berlin\/index.php?rest_route=\/wp\/v2\/types\/post"}],"author":[{"embeddable":true,"href":"https:\/\/im-gruenen-bereich.berlin\/index.php?rest_route=\/wp\/v2\/users\/1"}],"replies":[{"embeddable":true,"href":"https:\/\/im-gruenen-bereich.berlin\/index.php?rest_route=%2Fwp%2Fv2%2Fcomments&post=129"}],"version-history":[{"count":3,"href":"https:\/\/im-gruenen-bereich.berlin\/index.php?rest_route=\/wp\/v2\/posts\/129\/revisions"}],"predecessor-version":[{"id":135,"href":"https:\/\/im-gruenen-bereich.berlin\/index.php?rest_route=\/wp\/v2\/posts\/129\/revisions\/135"}],"wp:attachment":[{"href":"https:\/\/im-gruenen-bereich.berlin\/index.php?rest_route=%2Fwp%2Fv2%2Fmedia&parent=129"}],"wp:term":[{"taxonomy":"category","embeddable":true,"href":"https:\/\/im-gruenen-bereich.berlin\/index.php?rest_route=%2Fwp%2Fv2%2Fcategories&post=129"},{"taxonomy":"post_tag","embeddable":true,"href":"https:\/\/im-gruenen-bereich.berlin\/index.php?rest_route=%2Fwp%2Fv2%2Ftags&post=129"}],"curies":[{"name":"wp","href":"https:\/\/api.w.org\/{rel}","templated":true}]}}